{"id":2100,"date":"2006-05-08T10:51:38","date_gmt":"2006-05-08T10:51:38","guid":{"rendered":"http:\/\/exponart.de\/wordpress\/?p=2100"},"modified":"2020-02-16T17:29:17","modified_gmt":"2020-02-16T17:29:17","slug":"landesgartenschau-2006-in-wernigerode","status":"publish","type":"post","link":"https:\/\/exponart.de\/wordpress\/?p=2100","title":{"rendered":"Landesgartenschau 2006 in Wernigerode"},"content":{"rendered":"<div><a title=\"\" class=\"lightbox-image\" data-rel=\"lightbox\"><img decoding=\"async\" class=\"img-frame \" src=\"https:\/\/exponart.de\/wordpress\/wp-content\/uploads\/2006\/05\/exponart-Landesgartenschau-2006.jpg\"><\/a><\/div>\n<p>Teilnahme der exponaRt Mitglieder Paul Brockhage und Peter Eberlein&nbsp;am Pleinair zur Landesgartenschau in Wernigerode \/ Th\u00fcringen vom 8.5. bis 2.6.2006. Es entstehen k\u00fcnstlerisch gestaltete B\u00e4nke f\u00fcr das Gartenschaugel\u00e4nde.<\/p>\n","protected":false},"excerpt":{"rendered":"<p>Teilnahme der exponaRt Mitglieder Paul Brockhage und Peter Eberlein&nbsp;am Pleinair zur Landesgartenschau in Wernigerode \/ Th\u00fcringen vom 8.5. bis 2.6.2006. [&hellip;]<\/p>\n","protected":false},"author":1,"featured_media":0,"comment_status":"closed","ping_status":"closed","sticky":false,"template":"","format":"standard","meta":{"footnotes":""},"categories":[22],"tags":[16,45,48,20,11,17,15],"class_list":["post-2100","post","type-post","status-publish","format-standard","hentry","category-sonstiges","tag-bildhauersymposium","tag-brockhage-paul","tag-eberlein-peter","tag-exponart","tag-holzbildhauer","tag-kunst-im-oeffentlichen-raum","tag-skulptur"],"_links":{"self":[{"href":"https:\/\/exponart.de\/wordpress\/index.php?rest_route=\/wp\/v2\/posts\/2100","targetHints":{"allow":["GET"]}}],"collection":[{"href":"https:\/\/exponart.de\/wordpress\/index.php?rest_route=\/wp\/v2\/posts"}],"about":[{"href":"https:\/\/exponart.de\/wordpress\/index.php?rest_route=\/wp\/v2\/types\/post"}],"author":[{"embeddable":true,"href":"https:\/\/exponart.de\/wordpress\/index.php?rest_route=\/wp\/v2\/users\/1"}],"replies":[{"embeddable":true,"href":"https:\/\/exponart.de\/wordpress\/index.php?rest_route=%2Fwp%2Fv2%2Fcomments&post=2100"}],"version-history":[{"count":3,"href":"https:\/\/exponart.de\/wordpress\/index.php?rest_route=\/wp\/v2\/posts\/2100\/revisions"}],"predecessor-version":[{"id":2824,"href":"https:\/\/exponart.de\/wordpress\/index.php?rest_route=\/wp\/v2\/posts\/2100\/revisions\/2824"}],"wp:attachment":[{"href":"https:\/\/exponart.de\/wordpress\/index.php?rest_route=%2Fwp%2Fv2%2Fmedia&parent=2100"}],"wp:term":[{"taxonomy":"category","embeddable":true,"href":"https:\/\/exponart.de\/wordpress\/index.php?rest_route=%2Fwp%2Fv2%2Fcategories&post=2100"},{"taxonomy":"post_tag","embeddable":true,"href":"https:\/\/exponart.de\/wordpress\/index.php?rest_route=%2Fwp%2Fv2%2Ftags&post=2100"}],"curies":[{"name":"wp","href":"https:\/\/api.w.org\/{rel}","templated":true}]}}