{"id":2106,"date":"2006-08-27T11:03:10","date_gmt":"2006-08-27T11:03:10","guid":{"rendered":"http:\/\/exponart.de\/wordpress\/?p=2106"},"modified":"2020-02-16T17:26:46","modified_gmt":"2020-02-16T17:26:46","slug":"skulpturen-fuer-krematorium-diemelstadt","status":"publish","type":"post","link":"https:\/\/exponart.de\/wordpress\/?p=2106","title":{"rendered":"Skulpturen f\u00fcr Krematorium Diemelstadt"},"content":{"rendered":"<div><a title=\"\" class=\"lightbox-image\" data-rel=\"lightbox\"><img decoding=\"async\" class=\"img-frame \" src=\"https:\/\/exponart.de\/wordpress\/wp-content\/uploads\/2006\/08\/exponart2006Diemelstadt-1.jpg\"><\/a><\/div>\n<p>\u00dcbergabe der von den exponaRt Bildhauern Tobias Michael, Detlef Jehn und Paul Brockhage f\u00fcr das Au\u00dfengel\u00e4nde des Krematoriums Diemelstadt bei Kassel geschaffenen Skulpturen.<\/p>\n<p><!--more--><\/p>\n<div class=\"quick-gallery\"><div class=\"qg-img qg-no-title\" data-defwidth=\"285\"><a href=\"https:\/\/exponart.de\/wordpress\/wp-content\/uploads\/2006\/08\/exponart2006Diemelstadt-2.jpg\" data-rel=\"lightbox[group-21061]\" title=\"\" ><img decoding=\"async\" src=\"https:\/\/exponart.de\/wordpress\/wp-content\/uploads\/2006\/08\/exponart2006Diemelstadt-2-285x250.jpg\" alt=\"\"\/><div class=\"qg-overlay\"><span class=\"icon-circle\"><span class=\"pg-icon lightbox-icon\"><\/span><\/span><\/div><\/a><\/div><div class=\"qg-img\" data-defwidth=\"285\"><a href=\"https:\/\/exponart.de\/wordpress\/wp-content\/uploads\/2006\/08\/exponart2006Diemelstadt-3.jpg\" data-rel=\"lightbox[group-21061]\" title=\"\" ><img decoding=\"async\" src=\"https:\/\/exponart.de\/wordpress\/wp-content\/uploads\/2006\/08\/exponart2006Diemelstadt-3-285x250.jpg\" alt=\"\"\/><div class=\"qg-overlay\"><span class=\"icon-circle\"><span class=\"pg-icon lightbox-icon\"><\/span><\/span><span class=\"qg-title\">Tobias Michael<\/span><\/div><\/a><\/div><div class=\"qg-img\" data-defwidth=\"285\"><a href=\"https:\/\/exponart.de\/wordpress\/wp-content\/uploads\/2006\/08\/exponart2006Diemelstadt-4.jpg\" data-rel=\"lightbox[group-21061]\" title=\"\" ><img decoding=\"async\" src=\"https:\/\/exponart.de\/wordpress\/wp-content\/uploads\/2006\/08\/exponart2006Diemelstadt-4-285x250.jpg\" alt=\"\"\/><div class=\"qg-overlay\"><span class=\"icon-circle\"><span class=\"pg-icon lightbox-icon\"><\/span><\/span><span class=\"qg-title\">Detlef Jehn - Seele<\/span><\/div><\/a><\/div><div class=\"qg-img\" data-defwidth=\"285\"><a href=\"https:\/\/exponart.de\/wordpress\/wp-content\/uploads\/2006\/08\/exponart2006Diemelstadt-5.jpg\" data-rel=\"lightbox[group-21061]\" title=\"\" ><img decoding=\"async\" src=\"https:\/\/exponart.de\/wordpress\/wp-content\/uploads\/2006\/08\/exponart2006Diemelstadt-5-285x250.jpg\" alt=\"\"\/><div class=\"qg-overlay\"><span class=\"icon-circle\"><span class=\"pg-icon lightbox-icon\"><\/span><\/span><span class=\"qg-title\">Paul Brockhage<\/span><\/div><\/a><\/div><div class=\"clear\"><\/div><\/div>\n","protected":false},"excerpt":{"rendered":"<p>\u00dcbergabe der von den exponaRt Bildhauern Tobias Michael, Detlef Jehn und Paul Brockhage f\u00fcr das Au\u00dfengel\u00e4nde des Krematoriums Diemelstadt bei [&hellip;]<\/p>\n","protected":false},"author":1,"featured_media":0,"comment_status":"closed","ping_status":"closed","sticky":false,"template":"","format":"standard","meta":{"footnotes":""},"categories":[22],"tags":[45,20,12,17,14,15,46],"class_list":["post-2106","post","type-post","status-publish","format-standard","hentry","category-sonstiges","tag-brockhage-paul","tag-exponart","tag-jehn-bildhauer","tag-kunst-im-oeffentlichen-raum","tag-kuenstlergruppe-exponart","tag-skulptur","tag-tobias-michael"],"_links":{"self":[{"href":"https:\/\/exponart.de\/wordpress\/index.php?rest_route=\/wp\/v2\/posts\/2106","targetHints":{"allow":["GET"]}}],"collection":[{"href":"https:\/\/exponart.de\/wordpress\/index.php?rest_route=\/wp\/v2\/posts"}],"about":[{"href":"https:\/\/exponart.de\/wordpress\/index.php?rest_route=\/wp\/v2\/types\/post"}],"author":[{"embeddable":true,"href":"https:\/\/exponart.de\/wordpress\/index.php?rest_route=\/wp\/v2\/users\/1"}],"replies":[{"embeddable":true,"href":"https:\/\/exponart.de\/wordpress\/index.php?rest_route=%2Fwp%2Fv2%2Fcomments&post=2106"}],"version-history":[{"count":3,"href":"https:\/\/exponart.de\/wordpress\/index.php?rest_route=\/wp\/v2\/posts\/2106\/revisions"}],"predecessor-version":[{"id":2819,"href":"https:\/\/exponart.de\/wordpress\/index.php?rest_route=\/wp\/v2\/posts\/2106\/revisions\/2819"}],"wp:attachment":[{"href":"https:\/\/exponart.de\/wordpress\/index.php?rest_route=%2Fwp%2Fv2%2Fmedia&parent=2106"}],"wp:term":[{"taxonomy":"category","embeddable":true,"href":"https:\/\/exponart.de\/wordpress\/index.php?rest_route=%2Fwp%2Fv2%2Fcategories&post=2106"},{"taxonomy":"post_tag","embeddable":true,"href":"https:\/\/exponart.de\/wordpress\/index.php?rest_route=%2Fwp%2Fv2%2Ftags&post=2106"}],"curies":[{"name":"wp","href":"https:\/\/api.w.org\/{rel}","templated":true}]}}