{"id":2649,"date":"2017-02-04T17:10:50","date_gmt":"2017-02-04T17:10:50","guid":{"rendered":"http:\/\/exponart.de\/wordpress\/?p=2649"},"modified":"2020-02-16T12:06:15","modified_gmt":"2020-02-16T12:06:15","slug":"schlafender-schneedrache","status":"publish","type":"post","link":"https:\/\/exponart.de\/wordpress\/?p=2649","title":{"rendered":"Schlafender Schneedrache"},"content":{"rendered":"<div><a title=\"\" class=\"lightbox-image\" data-rel=\"lightbox\"><img decoding=\"async\" class=\"img-frame \" src=\"https:\/\/exponart.de\/wordpress\/wp-content\/uploads\/2017\/03\/Schneedrache-exponaRt.jpg\"><\/a><\/div>\n<p>Auf dem Annaberger-Markt schl\u00e4ft ein Drache aus Schnee. Die Schneeskulptur wurde von den beiden exponaRt Mitgliedern Ronny Tschierske und Robby Schubert mit Unterst\u00fctzung des Frohnauer Holzbildhauermeisters Dietmar Lang am 4.2.2017 geschaffen und wirbt f\u00fcr das M\u00e4rchenfilmfestival \u201eFabulix\u201c.<\/p>\n<p><!--more--><\/p>\n<div class=\"quick-gallery\"><div class=\"qg-img qg-no-title\" data-defwidth=\"383\"><a href=\"https:\/\/exponart.de\/wordpress\/wp-content\/uploads\/2017\/03\/2017Drache-1.jpg\" data-rel=\"lightbox[group-26491]\" title=\"\" ><img decoding=\"async\" src=\"https:\/\/exponart.de\/wordpress\/wp-content\/uploads\/2017\/03\/2017Drache-1-383x250.jpg\" alt=\"\"\/><div class=\"qg-overlay\"><span class=\"icon-circle\"><span class=\"pg-icon lightbox-icon\"><\/span><\/span><\/div><\/a><\/div><div class=\"qg-img qg-no-title\" data-defwidth=\"383\"><a href=\"https:\/\/exponart.de\/wordpress\/wp-content\/uploads\/2017\/03\/2017Drache-3.jpg\" data-rel=\"lightbox[group-26491]\" title=\"\" ><img decoding=\"async\" src=\"https:\/\/exponart.de\/wordpress\/wp-content\/uploads\/2017\/03\/2017Drache-3-383x250.jpg\" alt=\"\"\/><div class=\"qg-overlay\"><span class=\"icon-circle\"><span class=\"pg-icon lightbox-icon\"><\/span><\/span><\/div><\/a><\/div><div class=\"qg-img qg-no-title\" data-defwidth=\"383\"><a href=\"https:\/\/exponart.de\/wordpress\/wp-content\/uploads\/2017\/03\/2017Drache-5.jpg\" data-rel=\"lightbox[group-26491]\" title=\"\" ><img decoding=\"async\" src=\"https:\/\/exponart.de\/wordpress\/wp-content\/uploads\/2017\/03\/2017Drache-5-383x250.jpg\" alt=\"\"\/><div class=\"qg-overlay\"><span class=\"icon-circle\"><span class=\"pg-icon lightbox-icon\"><\/span><\/span><\/div><\/a><\/div><div class=\"clear\"><\/div><\/div>\n","protected":false},"excerpt":{"rendered":"<p>Auf dem Annaberger-Markt schl\u00e4ft ein Drache aus Schnee. Die Schneeskulptur wurde von den beiden exponaRt Mitgliedern Ronny Tschierske und Robby [&hellip;]<\/p>\n","protected":false},"author":1,"featured_media":0,"comment_status":"closed","ping_status":"closed","sticky":false,"template":"","format":"standard","meta":{"footnotes":""},"categories":[22],"tags":[20,17,14,47,44],"class_list":["post-2649","post","type-post","status-publish","format-standard","hentry","category-sonstiges","tag-exponart","tag-kunst-im-oeffentlichen-raum","tag-kuenstlergruppe-exponart","tag-schubert-robby","tag-tschierske-ronny"],"_links":{"self":[{"href":"https:\/\/exponart.de\/wordpress\/index.php?rest_route=\/wp\/v2\/posts\/2649","targetHints":{"allow":["GET"]}}],"collection":[{"href":"https:\/\/exponart.de\/wordpress\/index.php?rest_route=\/wp\/v2\/posts"}],"about":[{"href":"https:\/\/exponart.de\/wordpress\/index.php?rest_route=\/wp\/v2\/types\/post"}],"author":[{"embeddable":true,"href":"https:\/\/exponart.de\/wordpress\/index.php?rest_route=\/wp\/v2\/users\/1"}],"replies":[{"embeddable":true,"href":"https:\/\/exponart.de\/wordpress\/index.php?rest_route=%2Fwp%2Fv2%2Fcomments&post=2649"}],"version-history":[{"count":2,"href":"https:\/\/exponart.de\/wordpress\/index.php?rest_route=\/wp\/v2\/posts\/2649\/revisions"}],"predecessor-version":[{"id":2748,"href":"https:\/\/exponart.de\/wordpress\/index.php?rest_route=\/wp\/v2\/posts\/2649\/revisions\/2748"}],"wp:attachment":[{"href":"https:\/\/exponart.de\/wordpress\/index.php?rest_route=%2Fwp%2Fv2%2Fmedia&parent=2649"}],"wp:term":[{"taxonomy":"category","embeddable":true,"href":"https:\/\/exponart.de\/wordpress\/index.php?rest_route=%2Fwp%2Fv2%2Fcategories&post=2649"},{"taxonomy":"post_tag","embeddable":true,"href":"https:\/\/exponart.de\/wordpress\/index.php?rest_route=%2Fwp%2Fv2%2Ftags&post=2649"}],"curies":[{"name":"wp","href":"https:\/\/api.w.org\/{rel}","templated":true}]}}