{"id":2686,"date":"2018-02-02T08:35:20","date_gmt":"2018-02-02T08:35:20","guid":{"rendered":"http:\/\/exponart.de\/wordpress\/?p=2686"},"modified":"2026-02-15T09:59:18","modified_gmt":"2026-02-15T09:59:18","slug":"16-jahresausstellung-auf-schloss-rochsburg","status":"publish","type":"post","link":"https:\/\/exponart.de\/wordpress\/?p=2686","title":{"rendered":"16. Jahresausstellung auf Schlo\u00df Rochsburg"},"content":{"rendered":"<p>16. Jahresausstellung der K\u00fcnstlergruppe exponaRt mit dem Titel AUFGESCHLOSSEN auf Schlo\u00df Rochsburg vom 3.2.- 1.7.2018<\/p>\n\n\n<figure class=\"wp-block-image size-large\"><img loading=\"lazy\" decoding=\"async\" width=\"1024\" height=\"576\" src=\"https:\/\/exponart.de\/wordpress\/wp-content\/uploads\/2018\/02\/exponaRt-Rochsburg-2018-1024x576.jpg\" alt=\"\" class=\"wp-image-2975\" srcset=\"https:\/\/exponart.de\/wordpress\/wp-content\/uploads\/2018\/02\/exponaRt-Rochsburg-2018-1024x576.jpg 1024w, https:\/\/exponart.de\/wordpress\/wp-content\/uploads\/2018\/02\/exponaRt-Rochsburg-2018-300x169.jpg 300w, https:\/\/exponart.de\/wordpress\/wp-content\/uploads\/2018\/02\/exponaRt-Rochsburg-2018-768x432.jpg 768w, https:\/\/exponart.de\/wordpress\/wp-content\/uploads\/2018\/02\/exponaRt-Rochsburg-2018.jpg 1100w\" sizes=\"auto, (max-width: 1024px) 100vw, 1024px\" \/><\/figure>\n","protected":false},"excerpt":{"rendered":"<p>16. Jahresausstellung der K\u00fcnstlergruppe exponaRt mit dem Titel AUFGESCHLOSSEN auf Schlo\u00df Rochsburg vom 3.2.- 1.7.2018<\/p>\n","protected":false},"author":1,"featured_media":0,"comment_status":"closed","ping_status":"closed","sticky":false,"template":"","format":"standard","meta":{"footnotes":""},"categories":[10],"tags":[45,48,20,11,49,24,13,14,54,56,43,47,46,44],"class_list":["post-2686","post","type-post","status-publish","format-standard","hentry","category-ausstellungen","tag-brockhage-paul","tag-eberlein-peter","tag-exponart","tag-holzbildhauer","tag-jahresausstellung-exponart","tag-jehn-detlef","tag-kunstausstellung","tag-kuenstlergruppe-exponart","tag-lange-jesko","tag-rademann-hartmut","tag-schelter-friedhelm","tag-schubert-robby","tag-tobias-michael","tag-tschierske-ronny"],"_links":{"self":[{"href":"https:\/\/exponart.de\/wordpress\/index.php?rest_route=\/wp\/v2\/posts\/2686","targetHints":{"allow":["GET"]}}],"collection":[{"href":"https:\/\/exponart.de\/wordpress\/index.php?rest_route=\/wp\/v2\/posts"}],"about":[{"href":"https:\/\/exponart.de\/wordpress\/index.php?rest_route=\/wp\/v2\/types\/post"}],"author":[{"embeddable":true,"href":"https:\/\/exponart.de\/wordpress\/index.php?rest_route=\/wp\/v2\/users\/1"}],"replies":[{"embeddable":true,"href":"https:\/\/exponart.de\/wordpress\/index.php?rest_route=%2Fwp%2Fv2%2Fcomments&post=2686"}],"version-history":[{"count":2,"href":"https:\/\/exponart.de\/wordpress\/index.php?rest_route=\/wp\/v2\/posts\/2686\/revisions"}],"predecessor-version":[{"id":2976,"href":"https:\/\/exponart.de\/wordpress\/index.php?rest_route=\/wp\/v2\/posts\/2686\/revisions\/2976"}],"wp:attachment":[{"href":"https:\/\/exponart.de\/wordpress\/index.php?rest_route=%2Fwp%2Fv2%2Fmedia&parent=2686"}],"wp:term":[{"taxonomy":"category","embeddable":true,"href":"https:\/\/exponart.de\/wordpress\/index.php?rest_route=%2Fwp%2Fv2%2Fcategories&post=2686"},{"taxonomy":"post_tag","embeddable":true,"href":"https:\/\/exponart.de\/wordpress\/index.php?rest_route=%2Fwp%2Fv2%2Ftags&post=2686"}],"curies":[{"name":"wp","href":"https:\/\/api.w.org\/{rel}","templated":true}]}}