{"id":2940,"date":"2022-09-14T12:23:01","date_gmt":"2022-09-14T12:23:01","guid":{"rendered":"https:\/\/exponart.de\/wordpress\/?p=2940"},"modified":"2022-09-14T12:23:03","modified_gmt":"2022-09-14T12:23:03","slug":"eroeffnung-der-exponart-verkaufsausstellung","status":"publish","type":"post","link":"https:\/\/exponart.de\/wordpress\/?p=2940","title":{"rendered":"Er\u00f6ffnung der exponaRt Verkaufsausstellung"},"content":{"rendered":"\n<p><\/p>\n\n\n\n<figure class=\"wp-block-image size-full\"><img loading=\"lazy\" decoding=\"async\" width=\"700\" height=\"600\" src=\"https:\/\/exponart.de\/wordpress\/wp-content\/uploads\/2022\/09\/exponart-Verkaufsausstellung.jpg\" alt=\"\" class=\"wp-image-2941\" srcset=\"https:\/\/exponart.de\/wordpress\/wp-content\/uploads\/2022\/09\/exponart-Verkaufsausstellung.jpg 700w, https:\/\/exponart.de\/wordpress\/wp-content\/uploads\/2022\/09\/exponart-Verkaufsausstellung-300x257.jpg 300w\" sizes=\"auto, (max-width: 700px) 100vw, 700px\" \/><\/figure>\n\n\n<p>Er\u00f6ffnung der st\u00e4ndigen<strong> exponaRt Verkaufsausstellung<\/strong> am 29.10.2022 um 17 Uhr<\/p>\n<p>in der Sehmatalstra\u00dfe 10, 09456 Annaberg-Buchholz\/OT Frohnau.<\/p>","protected":false},"excerpt":{"rendered":"<p>Er\u00f6ffnung der st\u00e4ndigen exponaRt Verkaufsausstellung am 29.10.2022 um 17 Uhr in der Sehmatalstra\u00dfe 10, 09456 Annaberg-Buchholz\/OT Frohnau.<\/p>\n","protected":false},"author":1,"featured_media":0,"comment_status":"closed","ping_status":"closed","sticky":false,"template":"","format":"standard","meta":{"footnotes":""},"categories":[10],"tags":[48,20,24,13,14,43,47,15,46,44],"class_list":["post-2940","post","type-post","status-publish","format-standard","hentry","category-ausstellungen","tag-eberlein-peter","tag-exponart","tag-jehn-detlef","tag-kunstausstellung","tag-kuenstlergruppe-exponart","tag-schelter-friedhelm","tag-schubert-robby","tag-skulptur","tag-tobias-michael","tag-tschierske-ronny"],"_links":{"self":[{"href":"https:\/\/exponart.de\/wordpress\/index.php?rest_route=\/wp\/v2\/posts\/2940","targetHints":{"allow":["GET"]}}],"collection":[{"href":"https:\/\/exponart.de\/wordpress\/index.php?rest_route=\/wp\/v2\/posts"}],"about":[{"href":"https:\/\/exponart.de\/wordpress\/index.php?rest_route=\/wp\/v2\/types\/post"}],"author":[{"embeddable":true,"href":"https:\/\/exponart.de\/wordpress\/index.php?rest_route=\/wp\/v2\/users\/1"}],"replies":[{"embeddable":true,"href":"https:\/\/exponart.de\/wordpress\/index.php?rest_route=%2Fwp%2Fv2%2Fcomments&post=2940"}],"version-history":[{"count":3,"href":"https:\/\/exponart.de\/wordpress\/index.php?rest_route=\/wp\/v2\/posts\/2940\/revisions"}],"predecessor-version":[{"id":2944,"href":"https:\/\/exponart.de\/wordpress\/index.php?rest_route=\/wp\/v2\/posts\/2940\/revisions\/2944"}],"wp:attachment":[{"href":"https:\/\/exponart.de\/wordpress\/index.php?rest_route=%2Fwp%2Fv2%2Fmedia&parent=2940"}],"wp:term":[{"taxonomy":"category","embeddable":true,"href":"https:\/\/exponart.de\/wordpress\/index.php?rest_route=%2Fwp%2Fv2%2Fcategories&post=2940"},{"taxonomy":"post_tag","embeddable":true,"href":"https:\/\/exponart.de\/wordpress\/index.php?rest_route=%2Fwp%2Fv2%2Ftags&post=2940"}],"curies":[{"name":"wp","href":"https:\/\/api.w.org\/{rel}","templated":true}]}}