{"id":314,"date":"2007-09-10T09:57:52","date_gmt":"2007-09-10T07:57:52","guid":{"rendered":"http:\/\/bildhauer-jehn.de\/galerie\/?p=314"},"modified":"2020-02-16T17:22:24","modified_gmt":"2020-02-16T17:22:24","slug":"bronzegusslehrgang","status":"publish","type":"post","link":"https:\/\/exponart.de\/wordpress\/?p=314","title":{"rendered":"Bronzegu\u00dflehrgang"},"content":{"rendered":"<p>exponaRt&nbsp;f\u00fchrt mit Gie\u00dfermeisterin Kim Bl\u00f6\u00df einen 2. Bronzegusslehrgang in&nbsp;L\u00f6\u00dfnitz vom 10.9. \u2013 21.9.2007 durch.<\/p>\n","protected":false},"excerpt":{"rendered":"<p>exponaRt&nbsp;f\u00fchrt mit Gie\u00dfermeisterin Kim Bl\u00f6\u00df einen 2. Bronzegusslehrgang in&nbsp;L\u00f6\u00dfnitz vom 10.9. \u2013 21.9.2007 durch.<\/p>\n","protected":false},"author":1,"featured_media":0,"comment_status":"closed","ping_status":"closed","sticky":false,"template":"","format":"standard","meta":{"footnotes":""},"categories":[22],"tags":[20,24,21,14,47],"class_list":["post-314","post","type-post","status-publish","format-standard","hentry","category-sonstiges","tag-exponart","tag-jehn-detlef","tag-kunst","tag-kuenstlergruppe-exponart","tag-schubert-robby"],"_links":{"self":[{"href":"https:\/\/exponart.de\/wordpress\/index.php?rest_route=\/wp\/v2\/posts\/314","targetHints":{"allow":["GET"]}}],"collection":[{"href":"https:\/\/exponart.de\/wordpress\/index.php?rest_route=\/wp\/v2\/posts"}],"about":[{"href":"https:\/\/exponart.de\/wordpress\/index.php?rest_route=\/wp\/v2\/types\/post"}],"author":[{"embeddable":true,"href":"https:\/\/exponart.de\/wordpress\/index.php?rest_route=\/wp\/v2\/users\/1"}],"replies":[{"embeddable":true,"href":"https:\/\/exponart.de\/wordpress\/index.php?rest_route=%2Fwp%2Fv2%2Fcomments&post=314"}],"version-history":[{"count":2,"href":"https:\/\/exponart.de\/wordpress\/index.php?rest_route=\/wp\/v2\/posts\/314\/revisions"}],"predecessor-version":[{"id":2810,"href":"https:\/\/exponart.de\/wordpress\/index.php?rest_route=\/wp\/v2\/posts\/314\/revisions\/2810"}],"wp:attachment":[{"href":"https:\/\/exponart.de\/wordpress\/index.php?rest_route=%2Fwp%2Fv2%2Fmedia&parent=314"}],"wp:term":[{"taxonomy":"category","embeddable":true,"href":"https:\/\/exponart.de\/wordpress\/index.php?rest_route=%2Fwp%2Fv2%2Fcategories&post=314"},{"taxonomy":"post_tag","embeddable":true,"href":"https:\/\/exponart.de\/wordpress\/index.php?rest_route=%2Fwp%2Fv2%2Ftags&post=314"}],"curies":[{"name":"wp","href":"https:\/\/api.w.org\/{rel}","templated":true}]}}