{"id":979,"date":"2006-09-11T15:02:31","date_gmt":"2006-09-11T13:02:31","guid":{"rendered":"http:\/\/bildhauer-jehn.de\/galerie\/?p=979"},"modified":"2020-02-16T17:26:28","modified_gmt":"2020-02-16T17:26:28","slug":"bronzegusslehrgang-2","status":"publish","type":"post","link":"https:\/\/exponart.de\/wordpress\/?p=979","title":{"rendered":"Bronzegusslehrgang"},"content":{"rendered":"<div><a title=\"\" class=\"lightbox-image\" data-rel=\"lightbox\"><img decoding=\"async\" class=\"img-frame \" src=\"https:\/\/exponart.de\/wordpress\/wp-content\/uploads\/2006\/09\/Jehn-Bronzekunst-2006.jpg\"><\/a><\/div>\n<p>exponaRt&nbsp;f\u00fchrt mit Gie\u00dfermeisterin Kim Bl\u00f6\u00df einen Bronzegusslehrgang in Schneeberg vom11.9. \u2013 15.9.2006 durch.<\/p>\n<p><!--more--><\/p>\n<div class=\"quick-gallery\"><div class=\"qg-img qg-no-title\" data-defwidth=\"285\"><a href=\"https:\/\/exponart.de\/wordpress\/wp-content\/uploads\/2006\/09\/2006Bronzegu\u00df-20.jpg\" data-rel=\"lightbox[group-9791]\" title=\"\" ><img decoding=\"async\" src=\"https:\/\/exponart.de\/wordpress\/wp-content\/uploads\/2006\/09\/2006Bronzegu\u00df-20-285x250.jpg\" alt=\"\"\/><div class=\"qg-overlay\"><span class=\"icon-circle\"><span class=\"pg-icon lightbox-icon\"><\/span><\/span><\/div><\/a><\/div><div class=\"qg-img qg-no-title\" data-defwidth=\"285\"><a href=\"https:\/\/exponart.de\/wordpress\/wp-content\/uploads\/2006\/09\/2006Bronzegu\u00df-23.jpg\" data-rel=\"lightbox[group-9791]\" title=\"\" ><img decoding=\"async\" src=\"https:\/\/exponart.de\/wordpress\/wp-content\/uploads\/2006\/09\/2006Bronzegu\u00df-23-285x250.jpg\" alt=\"\"\/><div class=\"qg-overlay\"><span class=\"icon-circle\"><span class=\"pg-icon lightbox-icon\"><\/span><\/span><\/div><\/a><\/div><div class=\"qg-img qg-no-title\" data-defwidth=\"285\"><a href=\"https:\/\/exponart.de\/wordpress\/wp-content\/uploads\/2006\/09\/2006Bronzegu\u00df-31.jpg\" data-rel=\"lightbox[group-9791]\" title=\"\" ><img decoding=\"async\" src=\"https:\/\/exponart.de\/wordpress\/wp-content\/uploads\/2006\/09\/2006Bronzegu\u00df-31-285x250.jpg\" alt=\"\"\/><div class=\"qg-overlay\"><span class=\"icon-circle\"><span class=\"pg-icon lightbox-icon\"><\/span><\/span><\/div><\/a><\/div><div class=\"qg-img qg-no-title\" data-defwidth=\"285\"><a href=\"https:\/\/exponart.de\/wordpress\/wp-content\/uploads\/2006\/09\/2006Bronzegu\u00df-34.jpg\" data-rel=\"lightbox[group-9791]\" title=\"\" ><img decoding=\"async\" src=\"https:\/\/exponart.de\/wordpress\/wp-content\/uploads\/2006\/09\/2006Bronzegu\u00df-34-285x250.jpg\" alt=\"\"\/><div class=\"qg-overlay\"><span class=\"icon-circle\"><span class=\"pg-icon lightbox-icon\"><\/span><\/span><\/div><\/a><\/div><div class=\"qg-img qg-no-title\" data-defwidth=\"285\"><a href=\"https:\/\/exponart.de\/wordpress\/wp-content\/uploads\/2006\/09\/2006Bronzegu\u00df-2.jpg\" data-rel=\"lightbox[group-9791]\" title=\"\" ><img decoding=\"async\" src=\"https:\/\/exponart.de\/wordpress\/wp-content\/uploads\/2006\/09\/2006Bronzegu\u00df-2-285x250.jpg\" alt=\"\"\/><div class=\"qg-overlay\"><span class=\"icon-circle\"><span class=\"pg-icon lightbox-icon\"><\/span><\/span><\/div><\/a><\/div><div class=\"qg-img qg-no-title\" data-defwidth=\"285\"><a href=\"https:\/\/exponart.de\/wordpress\/wp-content\/uploads\/2006\/09\/2006Bronzegu\u00df-4.jpg\" data-rel=\"lightbox[group-9791]\" title=\"\" ><img decoding=\"async\" src=\"https:\/\/exponart.de\/wordpress\/wp-content\/uploads\/2006\/09\/2006Bronzegu\u00df-4-285x250.jpg\" alt=\"\"\/><div class=\"qg-overlay\"><span class=\"icon-circle\"><span class=\"pg-icon lightbox-icon\"><\/span><\/span><\/div><\/a><\/div><div class=\"qg-img qg-no-title\" data-defwidth=\"285\"><a href=\"https:\/\/exponart.de\/wordpress\/wp-content\/uploads\/2006\/09\/2006Bronzegu\u00df-5.jpg\" data-rel=\"lightbox[group-9791]\" title=\"\" ><img decoding=\"async\" src=\"https:\/\/exponart.de\/wordpress\/wp-content\/uploads\/2006\/09\/2006Bronzegu\u00df-5-285x250.jpg\" alt=\"\"\/><div class=\"qg-overlay\"><span class=\"icon-circle\"><span class=\"pg-icon lightbox-icon\"><\/span><\/span><\/div><\/a><\/div><div class=\"qg-img qg-no-title\" data-defwidth=\"285\"><a href=\"https:\/\/exponart.de\/wordpress\/wp-content\/uploads\/2006\/09\/2006Bronzegu\u00df-9.jpg\" data-rel=\"lightbox[group-9791]\" title=\"\" ><img decoding=\"async\" src=\"https:\/\/exponart.de\/wordpress\/wp-content\/uploads\/2006\/09\/2006Bronzegu\u00df-9-285x250.jpg\" alt=\"\"\/><div class=\"qg-overlay\"><span class=\"icon-circle\"><span class=\"pg-icon lightbox-icon\"><\/span><\/span><\/div><\/a><\/div><div class=\"clear\"><\/div><\/div>\n","protected":false},"excerpt":{"rendered":"<p>exponaRt&nbsp;f\u00fchrt mit Gie\u00dfermeisterin Kim Bl\u00f6\u00df einen Bronzegusslehrgang in Schneeberg vom11.9. \u2013 15.9.2006 durch.<\/p>\n","protected":false},"author":1,"featured_media":0,"comment_status":"closed","ping_status":"closed","sticky":false,"template":"","format":"standard","meta":{"footnotes":""},"categories":[22],"tags":[45,20,24,14,53,43,47,46],"class_list":["post-979","post","type-post","status-publish","format-standard","hentry","category-sonstiges","tag-brockhage-paul","tag-exponart","tag-jehn-detlef","tag-kuenstlergruppe-exponart","tag-roehner-tilmann","tag-schelter-friedhelm","tag-schubert-robby","tag-tobias-michael"],"_links":{"self":[{"href":"https:\/\/exponart.de\/wordpress\/index.php?rest_route=\/wp\/v2\/posts\/979","targetHints":{"allow":["GET"]}}],"collection":[{"href":"https:\/\/exponart.de\/wordpress\/index.php?rest_route=\/wp\/v2\/posts"}],"about":[{"href":"https:\/\/exponart.de\/wordpress\/index.php?rest_route=\/wp\/v2\/types\/post"}],"author":[{"embeddable":true,"href":"https:\/\/exponart.de\/wordpress\/index.php?rest_route=\/wp\/v2\/users\/1"}],"replies":[{"embeddable":true,"href":"https:\/\/exponart.de\/wordpress\/index.php?rest_route=%2Fwp%2Fv2%2Fcomments&post=979"}],"version-history":[{"count":2,"href":"https:\/\/exponart.de\/wordpress\/index.php?rest_route=\/wp\/v2\/posts\/979\/revisions"}],"predecessor-version":[{"id":2818,"href":"https:\/\/exponart.de\/wordpress\/index.php?rest_route=\/wp\/v2\/posts\/979\/revisions\/2818"}],"wp:attachment":[{"href":"https:\/\/exponart.de\/wordpress\/index.php?rest_route=%2Fwp%2Fv2%2Fmedia&parent=979"}],"wp:term":[{"taxonomy":"category","embeddable":true,"href":"https:\/\/exponart.de\/wordpress\/index.php?rest_route=%2Fwp%2Fv2%2Fcategories&post=979"},{"taxonomy":"post_tag","embeddable":true,"href":"https:\/\/exponart.de\/wordpress\/index.php?rest_route=%2Fwp%2Fv2%2Ftags&post=979"}],"curies":[{"name":"wp","href":"https:\/\/api.w.org\/{rel}","templated":true}]}}